{"id":1762,"date":"2014-06-27T16:05:47","date_gmt":"2014-06-27T16:05:47","guid":{"rendered":"https:\/\/blog.gartenmoebel.de\/?p=1762"},"modified":"2023-10-27T09:45:51","modified_gmt":"2023-10-27T09:45:51","slug":"der-sonnenschirm-fuer-den-balkon-ist-wichtig","status":"publish","type":"post","link":"https:\/\/blog.gartenmoebel.de\/der-sonnenschirm-fuer-den-balkon-ist-wichtig\/","title":{"rendered":"Der Sonnenschirm f\u00fcr den Balkon \u2013 Was ist wichtig?"},"content":{"rendered":"<p><img loading=\"lazy\" decoding=\"async\" class=\"aligncenter wp-image-1961 size-full\" title=\"Bunte Sonnenschirme\" src=\"https:\/\/blog.gartenmoebel.de\/wp-content\/uploads\/2014\/06\/Sonnenschirme-bunt-auf-altem-Balkon1.jpg\" alt=\"Alter Balkon mit bunten Schirmen\" width=\"720\" height=\"478\" srcset=\"https:\/\/blog.gartenmoebel.de\/wp-content\/uploads\/2014\/06\/Sonnenschirme-bunt-auf-altem-Balkon1.jpg 720w, https:\/\/blog.gartenmoebel.de\/wp-content\/uploads\/2014\/06\/Sonnenschirme-bunt-auf-altem-Balkon1-300x199.jpg 300w, https:\/\/blog.gartenmoebel.de\/wp-content\/uploads\/2014\/06\/Sonnenschirme-bunt-auf-altem-Balkon1-420x278.jpg 420w\" sizes=\"auto, (max-width: 720px) 100vw, 720px\" \/><\/p>\n<p>Ein Sonnenbalkon ist der Traum eines jeden St\u00e4dters, der keinen gro\u00dfen Garten sein eigen nennen kann. Auch wenn der Platz auf einem Balkon meist sehr begrenzt ist, ist er doch ein eigenes kleines St\u00fcckchen \u201eDrau\u00dfen\u201c. Daher werden Balkone meist mit der gleichen Liebe und Sorgfalt gehegt und gepflegt wie ein Garten. Sch\u00f6ne bunte und \u00fcppig wachsende Balkonpflanzen, eine gem\u00fctliche Sitzecke f\u00fcr das Sonntagsfr\u00fchst\u00fcck und zum Relaxen am Nachmittag sowie am Abend eine stimmungsvolle <a href=\"https:\/\/www.gartenmoebel.de\/gartendeko-gartenausstattung\/gartenbeleuchtung\/\">Lichterkette<\/a> oder romantisch flackernde Petroleumlampen \u2013 so sieht ein kleines Paradies im dritten Stock aus.<\/p>\n<p>Wer das Gl\u00fcck hat, einen nach S\u00fcden ausgerichteten Balkon zu haben, kann den ganzen Tag \u00fcber viel Sonne genie\u00dfen. Doch Vorsicht: <strong>Zuviel direkte Sonneneinstrahlung ist ungesund.<\/strong> Gerade im Hochsommer, wenn die Sonne die meiste Kraft hat, sollte man sich ihr in der Mittagszeit nicht direkt und nur gut gesch\u00fctzt aussetzen. Hinzu kommt, dass man es bei 30\u00b0 C im Schatten ohnehin kaum in der Sonne aush\u00e4lt und sich lieber ein k\u00fchleres Schattenpl\u00e4tzchen sucht. Da Sie wahrscheinlich keine gro\u00dfen, schattenspendenden B\u00e4ume und Str\u00e4ucher auf Ihrem Balkon haben, muss ein <a href=\"https:\/\/www.gartenmoebel.de\/sonnenschirme\/\" target=\"_blank\" rel=\"noopener noreferrer\">Sonnenschirm<\/a> her. Da nicht jeder Sonnenschirm f\u00fcr jeden Balkon geeignet ist, haben wir hier einige Tipps f\u00fcr Sie zusammengestellt.<\/p>\n<h2>Sonnenschirme f\u00fcr den Balkon? \u2013 Die Gr\u00f6\u00dfe macht\u2018s<\/h2>\n<div id=\"attachment_3818\" style=\"width: 310px\" class=\"wp-caption alignright\"><a href=\"https:\/\/www.gartenmoebel.de\/doppler-trolley-granitsockel-edelstahl-granit-70-kg-fuer-schirmstoecke-von-32-60-mm\/12376-1\"><img loading=\"lazy\" decoding=\"async\" aria-describedby=\"caption-attachment-3818\" class=\"wp-image-3818 size-medium\" title=\"Schirmst\u00e4nder Full Up\" src=\"https:\/\/blog.gartenmoebel.de\/wp-content\/uploads\/2014\/06\/12376-1_1-300x200.jpg\" alt=\"Schirmst\u00e4nder\" width=\"300\" height=\"200\" srcset=\"https:\/\/blog.gartenmoebel.de\/wp-content\/uploads\/2014\/06\/12376-1_1-300x200.jpg 300w, https:\/\/blog.gartenmoebel.de\/wp-content\/uploads\/2014\/06\/12376-1_1-768x511.jpg 768w, https:\/\/blog.gartenmoebel.de\/wp-content\/uploads\/2014\/06\/12376-1_1-1024x681.jpg 1024w, https:\/\/blog.gartenmoebel.de\/wp-content\/uploads\/2014\/06\/12376-1_1-420x279.jpg 420w\" sizes=\"auto, (max-width: 300px) 100vw, 300px\" \/><\/a><p id=\"caption-attachment-3818\" class=\"wp-caption-text\">Eignet sich hervorragend als Schirmst\u00e4nder: <a href=\"https:\/\/www.gartenmoebel.de\/doppler-trolley-granitsockel-edelstahl-granit-70-kg-fuer-schirmstoecke-von-32-60-mm\/12376-1\">Der DOPPLER Trolley Granitsockel<\/a>.<\/p><\/div>\n<p>Auf einem zwei Quadratmeter gro\u00dfen Balkon einen Sonnenschirm mit \u00fcber drei Metern Durchmesser platzieren zu wollen, hat wenig Zweck. Auch gr\u00f6\u00dfere Balkone sollen sicher nicht komplett \u00fcberschattet sein. Je nach Platzangebot sind <strong>Spannweiten von 1,5 Meter bis 2 Meter<\/strong> empfehlenswert. Au\u00dferdem sollte der Schirm einen abknickbaren St\u00e4nder haben, den Sie je nach Sonnenstand ausrichten k\u00f6nnen. Je flexibler Ihr Sonnenschirm ist, desto besser. Ein schwerer, breiter Standfu\u00df, der wertvollen Platz auf dem Boden wegnimmt, muss nicht sein. Praktischer sind <a href=\"https:\/\/www.gartenmoebel.de\/sonnenschirme\/sonnenschirme-zubehoer\/\">Balkonklammern<\/a> beziehungsweise Schirmhalter, mit denen Sie den Schirm bequem und <strong>platzsparend am Balkongel\u00e4nder befestigen<\/strong>. Alternativ gibt es auch bepflanzbare Schirmst\u00e4nder, die als Erweiterung der Balkonk\u00e4sten zur Ihrer Blumenoase beitragen.<\/p>\n<p>Selbstverst\u00e4ndlich sollte Ihr Sonnenschirm auch auf dem Balkon nicht nur k\u00fchlenden Schatten spenden, sondern auch <strong>die sch\u00e4dlichen UV-Strahlen abhalten<\/strong>. Effektiv und pflegeleicht zugleich sind Schirmt\u00fccher aus UV-undurchl\u00e4ssigem Polyester. Achten Sie beim Kauf immer auf gepr\u00fcfte Qualit\u00e4t.<\/p>\n<h2>Zwei Klassiker f\u00fcr Ihren Balkon<\/h2>\n<p>An dieser Stelle m\u00f6chten wir Ihnen zwei Sonnenschirme aus dem Sortiment von Gartenmoebel.de vorstellen, die Sie auch auf kleineren Balkonen wunderbar nutzen k\u00f6nnen: Den Sonnenschirm \u201eCapri\u201c von Schneider und den Sonnenschirm \u201eLugano\u201c, ebenfalls von der Qualit\u00e4tsmarke Schneider.<\/p>\n<h3>Mittelmeerflair f\u00fcr Ihren Balkon<\/h3>\n<p><a href=\"https:\/\/www.gartenmoebel.de\/schneider-tunis-mittelstockschirm-mandarine-rechteckig-270-x-150-cm\/20857\"><img loading=\"lazy\" decoding=\"async\" class=\"alignright wp-image-6099 size-medium\" title=\"SCHNEIDER Tunis Mittelstockschirm\" src=\"https:\/\/blog.gartenmoebel.de\/wp-content\/uploads\/2014\/06\/3_20857-300x200.jpg\" alt=\"\" width=\"300\" height=\"200\" srcset=\"https:\/\/blog.gartenmoebel.de\/wp-content\/uploads\/2014\/06\/3_20857-300x200.jpg 300w, https:\/\/blog.gartenmoebel.de\/wp-content\/uploads\/2014\/06\/3_20857-768x511.jpg 768w, https:\/\/blog.gartenmoebel.de\/wp-content\/uploads\/2014\/06\/3_20857-1024x681.jpg 1024w, https:\/\/blog.gartenmoebel.de\/wp-content\/uploads\/2014\/06\/3_20857-1536x1021.jpg 1536w, https:\/\/blog.gartenmoebel.de\/wp-content\/uploads\/2014\/06\/3_20857-2048x1362.jpg 2048w, https:\/\/blog.gartenmoebel.de\/wp-content\/uploads\/2014\/06\/3_20857-420x279.jpg 420w\" sizes=\"auto, (max-width: 300px) 100vw, 300px\" \/><\/a><\/p>\n<p>Typisch Mittelmeer! Der knallgelbe Sonnenschirm Sunline IV eignet sich hervorragend f\u00fcr einen Balkon <strong>im mediterranen Stil<\/strong>. Sofort denkt man an den Sommer, die Sonne und vielleicht auch an den Strand? Mit einem Durchmesser von 3,20 Metern bietet er ausreichend Platz im Schatten. Sein Metallst\u00e4nder l\u00e4sst sich knicken und flexibel nach dem Sonnenstand ausrichten. Der wasserabweisende und <strong>verrottungsfeste Polyesterbezug<\/strong> macht ihn zudem witterungsbest\u00e4ndig. Dieser Sonnenschirm macht aus Ihrem Balkon ein kleines Ferienparadies.\u00a0<\/p>\n<h3>Der ovale Sonnenschirm!<\/h3>\n<div id=\"attachment_3825\" style=\"width: 310px\" class=\"wp-caption alignleft\"><img loading=\"lazy\" decoding=\"async\" aria-describedby=\"caption-attachment-3825\" class=\"wp-image-3825 size-medium\" title=\"Ovaler Sonnenschirm von LECO\" src=\"https:\/\/blog.gartenmoebel.de\/wp-content\/uploads\/2014\/06\/7929-2-300x200.jpg\" alt=\"Ovaler Sonnenschirm\" width=\"300\" height=\"200\" srcset=\"https:\/\/blog.gartenmoebel.de\/wp-content\/uploads\/2014\/06\/7929-2-300x200.jpg 300w, https:\/\/blog.gartenmoebel.de\/wp-content\/uploads\/2014\/06\/7929-2-768x511.jpg 768w, https:\/\/blog.gartenmoebel.de\/wp-content\/uploads\/2014\/06\/7929-2-1024x681.jpg 1024w, https:\/\/blog.gartenmoebel.de\/wp-content\/uploads\/2014\/06\/7929-2-420x279.jpg 420w, https:\/\/blog.gartenmoebel.de\/wp-content\/uploads\/2014\/06\/7929-2.jpg 1600w\" sizes=\"auto, (max-width: 300px) 100vw, 300px\" \/><p id=\"caption-attachment-3825\" class=\"wp-caption-text\">Der etwas andere Sonnenschirm in ovaler Form von LECO<\/p><\/div>\n<p>Das ist tats\u00e4chlich einmal etwas Besonderes: Ein ovaler Sonnenschirm, der sich aufgrund seiner Form ideal f\u00fcr rechteckige Sitzgruppen eignet. Der von LECO angebotene Sonnenschirm ist in der Trendfarbe anthrazit gehalten und bietet ausreichend Schattenpl\u00e4tze: Der Sonnenschirm misst insgesamt <strong>4,6 Meter in der L\u00e4nge und 2,7 Meter in der Breite<\/strong>. Aber auch in der H\u00f6he kann der ovale Sonnenschirm sich sehen lassen: Bei einer <strong>Durchgangsh\u00f6he von 220 cm<\/strong>, braucht sich niemand Sorgen machen per Kopf Bekanntschaft mit dem Sonnenschirm zu machen. Auch beim Bedienen des Schirms entstehen keine Probleme &#8211; einfach die Kurbel am Schirmstock bedienen und den Sonnenschirm wie gew\u00fcnscht justieren.<\/p>\n<p>Da kann der Sommer kommen, nicht wahr?<\/p>\n\n\n<p><\/p>\n","protected":false},"excerpt":{"rendered":"<p>Sie suchen einen Sonnenschirm f\u00fcr Ihren Balkon, haben aber nur wenige Quadratmeter zur Verf\u00fcgung? Hier finden Sie praktische Tipps, und wir stellen Ihnen zwei ausgew\u00e4hlte Modelle vor.<\/p>\n","protected":false},"author":1,"featured_media":1961,"comment_status":"closed","ping_status":"open","sticky":false,"template":"","format":"standard","meta":{"footnotes":""},"categories":[4],"tags":[],"class_list":["post-1762","post","type-post","status-publish","format-standard","has-post-thumbnail","hentry","category-gartenkultur-lebensart"],"yoast_head":"<!-- This site is optimized with the Yoast SEO plugin v24.3 - https:\/\/yoast.com\/wordpress\/plugins\/seo\/ -->\n<title>Welchen Sonnenschirm f\u00fcr den Balkon?<\/title>\n<meta name=\"description\" content=\"Verzichten Sie auch auf einem kleinen Balkon nicht auf einen effektiven und dazu schm\u00fcckenden Sonnenschutz. Diese Sonnenschirme passen auch bei wenig Platz.\" \/>\n<meta name=\"robots\" content=\"index, follow, max-snippet:-1, max-image-preview:large, max-video-preview:-1\" \/>\n<meta property=\"og:locale\" content=\"de_DE\" \/>\n<meta property=\"og:type\" content=\"article\" \/>\n<meta property=\"og:title\" content=\"Welchen Sonnenschirm f\u00fcr den Balkon?\" \/>\n<meta property=\"og:description\" content=\"Verzichten Sie auch auf einem kleinen Balkon nicht auf einen effektiven und dazu schm\u00fcckenden Sonnenschutz. Diese Sonnenschirme passen auch bei wenig Platz.\" \/>\n<meta property=\"og:url\" content=\"https:\/\/blog.gartenmoebel.de\/der-sonnenschirm-fuer-den-balkon-ist-wichtig\/\" \/>\n<meta property=\"og:site_name\" content=\"GARTENMOEBEL.DE\" \/>\n<meta property=\"article:published_time\" content=\"2014-06-27T16:05:47+00:00\" \/>\n<meta property=\"article:modified_time\" content=\"2023-10-27T09:45:51+00:00\" \/>\n<meta property=\"og:image\" content=\"https:\/\/blog.gartenmoebel.de\/wp-content\/uploads\/2014\/06\/Sonnenschirme-bunt-auf-altem-Balkon1.jpg\" \/>\n\t<meta property=\"og:image:width\" content=\"720\" \/>\n\t<meta property=\"og:image:height\" content=\"478\" \/>\n\t<meta property=\"og:image:type\" content=\"image\/jpeg\" \/>\n<meta name=\"author\" content=\"admin\" \/>\n<meta name=\"twitter:label1\" content=\"Verfasst von\" \/>\n\t<meta name=\"twitter:data1\" content=\"admin\" \/>\n\t<meta name=\"twitter:label2\" content=\"Gesch\u00e4tzte Lesezeit\" \/>\n\t<meta name=\"twitter:data2\" content=\"3\u00a0Minuten\" \/>\n<!-- \/ Yoast SEO plugin. -->","yoast_head_json":{"title":"Welchen Sonnenschirm f\u00fcr den Balkon?","description":"Verzichten Sie auch auf einem kleinen Balkon nicht auf einen effektiven und dazu schm\u00fcckenden Sonnenschutz. Diese Sonnenschirme passen auch bei wenig Platz.","robots":{"index":"index","follow":"follow","max-snippet":"max-snippet:-1","max-image-preview":"max-image-preview:large","max-video-preview":"max-video-preview:-1"},"og_locale":"de_DE","og_type":"article","og_title":"Welchen Sonnenschirm f\u00fcr den Balkon?","og_description":"Verzichten Sie auch auf einem kleinen Balkon nicht auf einen effektiven und dazu schm\u00fcckenden Sonnenschutz. Diese Sonnenschirme passen auch bei wenig Platz.","og_url":"https:\/\/blog.gartenmoebel.de\/der-sonnenschirm-fuer-den-balkon-ist-wichtig\/","og_site_name":"GARTENMOEBEL.DE","article_published_time":"2014-06-27T16:05:47+00:00","article_modified_time":"2023-10-27T09:45:51+00:00","og_image":[{"width":720,"height":478,"url":"https:\/\/blog.gartenmoebel.de\/wp-content\/uploads\/2014\/06\/Sonnenschirme-bunt-auf-altem-Balkon1.jpg","type":"image\/jpeg"}],"author":"admin","twitter_misc":{"Verfasst von":"admin","Gesch\u00e4tzte Lesezeit":"3\u00a0Minuten"},"schema":{"@context":"https:\/\/schema.org","@graph":[{"@type":"WebPage","@id":"https:\/\/blog.gartenmoebel.de\/der-sonnenschirm-fuer-den-balkon-ist-wichtig\/","url":"https:\/\/blog.gartenmoebel.de\/der-sonnenschirm-fuer-den-balkon-ist-wichtig\/","name":"Welchen Sonnenschirm f\u00fcr den Balkon?","isPartOf":{"@id":"https:\/\/blog.gartenmoebel.de\/#website"},"primaryImageOfPage":{"@id":"https:\/\/blog.gartenmoebel.de\/der-sonnenschirm-fuer-den-balkon-ist-wichtig\/#primaryimage"},"image":{"@id":"https:\/\/blog.gartenmoebel.de\/der-sonnenschirm-fuer-den-balkon-ist-wichtig\/#primaryimage"},"thumbnailUrl":"https:\/\/blog.gartenmoebel.de\/wp-content\/uploads\/2014\/06\/Sonnenschirme-bunt-auf-altem-Balkon1.jpg","datePublished":"2014-06-27T16:05:47+00:00","dateModified":"2023-10-27T09:45:51+00:00","author":{"@id":"https:\/\/blog.gartenmoebel.de\/#\/schema\/person\/86454b610ceef0a1be37080f67f428bf"},"description":"Verzichten Sie auch auf einem kleinen Balkon nicht auf einen effektiven und dazu schm\u00fcckenden Sonnenschutz. Diese Sonnenschirme passen auch bei wenig Platz.","breadcrumb":{"@id":"https:\/\/blog.gartenmoebel.de\/der-sonnenschirm-fuer-den-balkon-ist-wichtig\/#breadcrumb"},"inLanguage":"de","potentialAction":[{"@type":"ReadAction","target":["https:\/\/blog.gartenmoebel.de\/der-sonnenschirm-fuer-den-balkon-ist-wichtig\/"]}]},{"@type":"ImageObject","inLanguage":"de","@id":"https:\/\/blog.gartenmoebel.de\/der-sonnenschirm-fuer-den-balkon-ist-wichtig\/#primaryimage","url":"https:\/\/blog.gartenmoebel.de\/wp-content\/uploads\/2014\/06\/Sonnenschirme-bunt-auf-altem-Balkon1.jpg","contentUrl":"https:\/\/blog.gartenmoebel.de\/wp-content\/uploads\/2014\/06\/Sonnenschirme-bunt-auf-altem-Balkon1.jpg","width":720,"height":478,"caption":"Bunte Sonnenschirme auf dem Balkon"},{"@type":"BreadcrumbList","@id":"https:\/\/blog.gartenmoebel.de\/der-sonnenschirm-fuer-den-balkon-ist-wichtig\/#breadcrumb","itemListElement":[{"@type":"ListItem","position":1,"name":"Startseite","item":"https:\/\/blog.gartenmoebel.de\/"},{"@type":"ListItem","position":2,"name":"Gartenkultur&Lebensart","item":"https:\/\/blog.gartenmoebel.de\/gartenkultur-lebensart\/"},{"@type":"ListItem","position":3,"name":"Der Sonnenschirm f\u00fcr den Balkon \u2013 Was ist wichtig?"}]},{"@type":"WebSite","@id":"https:\/\/blog.gartenmoebel.de\/#website","url":"https:\/\/blog.gartenmoebel.de\/","name":"GARTENMOEBEL.DE","description":"Ihr Experte mit Best-Preis-Garantie","potentialAction":[{"@type":"SearchAction","target":{"@type":"EntryPoint","urlTemplate":"https:\/\/blog.gartenmoebel.de\/?s={search_term_string}"},"query-input":{"@type":"PropertyValueSpecification","valueRequired":true,"valueName":"search_term_string"}}],"inLanguage":"de"},{"@type":"Person","@id":"https:\/\/blog.gartenmoebel.de\/#\/schema\/person\/86454b610ceef0a1be37080f67f428bf","name":"admin"}]}},"_links":{"self":[{"href":"https:\/\/blog.gartenmoebel.de\/wp-json\/wp\/v2\/posts\/1762","targetHints":{"allow":["GET"]}}],"collection":[{"href":"https:\/\/blog.gartenmoebel.de\/wp-json\/wp\/v2\/posts"}],"about":[{"href":"https:\/\/blog.gartenmoebel.de\/wp-json\/wp\/v2\/types\/post"}],"author":[{"embeddable":true,"href":"https:\/\/blog.gartenmoebel.de\/wp-json\/wp\/v2\/users\/1"}],"replies":[{"embeddable":true,"href":"https:\/\/blog.gartenmoebel.de\/wp-json\/wp\/v2\/comments?post=1762"}],"version-history":[{"count":13,"href":"https:\/\/blog.gartenmoebel.de\/wp-json\/wp\/v2\/posts\/1762\/revisions"}],"predecessor-version":[{"id":6101,"href":"https:\/\/blog.gartenmoebel.de\/wp-json\/wp\/v2\/posts\/1762\/revisions\/6101"}],"wp:featuredmedia":[{"embeddable":true,"href":"https:\/\/blog.gartenmoebel.de\/wp-json\/wp\/v2\/media\/1961"}],"wp:attachment":[{"href":"https:\/\/blog.gartenmoebel.de\/wp-json\/wp\/v2\/media?parent=1762"}],"wp:term":[{"taxonomy":"category","embeddable":true,"href":"https:\/\/blog.gartenmoebel.de\/wp-json\/wp\/v2\/categories?post=1762"},{"taxonomy":"post_tag","embeddable":true,"href":"https:\/\/blog.gartenmoebel.de\/wp-json\/wp\/v2\/tags?post=1762"}],"curies":[{"name":"wp","href":"https:\/\/api.w.org\/{rel}","templated":true}]}}