{"id":2818,"date":"2015-06-24T09:37:02","date_gmt":"2015-06-24T09:37:02","guid":{"rendered":"https:\/\/blog.gartenmoebel.de\/?p=2818"},"modified":"2021-03-05T09:06:42","modified_gmt":"2021-03-05T09:06:42","slug":"polyrattan-lounges","status":"publish","type":"post","link":"https:\/\/blog.gartenmoebel.de\/polyrattan-lounges\/","title":{"rendered":"Polyrattan-Lounges"},"content":{"rendered":"<p><strong>Ihr Wohnzimmer im Gr\u00fcnen \u2013 Polyrattan-M\u00f6bel im Lounge-Stil<\/strong><\/p>\n<p>Das eigene Wohnzimmer ist unser R\u00fcckzugsort nach einem stressigen Arbeitstag und dient zum Abschalten und Entspannen. Doch auch der Wunsch auf der heimischen Gartenterrasse oder im Wintergarten zu relaxen und ein chilliges Salon-Flair zu genie\u00dfen, liegt voll im Trend. Vorbei die Zeiten der unbehaglichen Plastiksessel und unflexibel-starren Holzb\u00e4nke \u2013 die neue Gem\u00fctlichkeit in Lounge-Atmosph\u00e4re hei\u00dft Polyrattan.<\/p>\n<p><img decoding=\"async\" class=\"alignleft size-full wp-image-2808\" title=\"Polyrattan Lounge\" src=\"https:\/\/blog.gartenmoebel.de\/wp-content\/uploads\/2015\/06\/lounge_anfang.png\" alt=\"polyrattan_lounges_1\" \/><\/p>\n<p>Bekannt aus Ruhezonen im Spa-Bereich oder lauschigen Restaurant- und Bar-R\u00e4umlichkeiten halten die bequemen Polyrattan-M\u00f6bel im Lounge-Stil jetzt auch Einzug auf privaten Gr\u00fcnfl\u00e4chen und Terrassen. Die Loungem\u00f6bel in verschiedenen Formen und Farben entfalten vor allem auf gro\u00dfr\u00e4umigen Fl\u00e4chen ihre volle Wirkungskraft und werden so zum Eyecatcher. Denn eine Polyrattan-Sitzgruppe ben\u00f6tigt schon allein aufgrund ihrer Ausma\u00dfe viel Platz; in eine Ecke gedr\u00e4ngt, verliert sie ihren unverwechselbaren Charme. Zur Auswahl stehen unterschiedliche Produktlinien der Eigenmarke OUTFLEXX\u00ae von gartenmoebel.de: Die PremiumLine in <a href=\"https:\/\/www.gartenmoebel.de\/polyrattan-gartenmoebel\/farbe\/premium-polyrattan-schwarz\/\">schwarz<\/a>, <a href=\"https:\/\/www.gartenmoebel.de\/polyrattan-gartenmoebel\/farbe\/premium-polyrattan-weiss\/\">wei\u00df<\/a> und <a href=\"https:\/\/www.gartenmoebel.de\/polyrattan-gartenmoebel\/farbe\/premium-polyrattan-braun\/\">braun strukturiert<\/a>, \u00fcberzeugt durch schlichte Eleganz. Das Geflecht der Kunstfaser sieht so aus, als best\u00fcnde es aus vier nebeneinanderliegenden, d\u00fcnnen Fasern.<\/p>\n<p><img decoding=\"async\" title=\"Polyrattan Faser Premium-Line\" src=\"https:\/\/blog.gartenmoebel.de\/wp-content\/uploads\/2015\/06\/lounge_fasern.png\" alt=\"polyrattan_lounges_2\" \/><\/p>\n<p>Nat\u00fcrlichem Rattan sehr gut nachempfunden ist die <a href=\"https:\/\/www.gartenmoebel.de\/polyrattan-gartenmoebel\/farbe\/nature-exclusive-line\/\">NatureExclusiveLine<\/a>. Die hellbraune Farbe dieser Polyrattan-Faser, die eher zierlicher verarbeitet wurde, unterstreicht den naturalistischen Effekt.<br \/>\n<img decoding=\"async\" title=\"Polyrattan Faser NatureExclusiveLine\" src=\"https:\/\/blog.gartenmoebel.de\/wp-content\/uploads\/2015\/06\/lounge_faserw18.png\" alt=\"polyrattan_lounges_3\" \/><\/p>\n<p>Last but not least: Die Einsteigerserie <a href=\"https:\/\/www.gartenmoebel.de\/polyrattan-gartenmoebel\/farbe\/basic-line\/\">BasicLine<\/a> f\u00fcr den schmaleren Geldbeutel erstrahlt in einem marmorierten Braunton und ver\u00e4ndert die Farbgebung je nach Sonneneinstrahlung.<br \/>\n<img decoding=\"async\" title=\"Polyrattan Faser Basic-Line\" src=\"https:\/\/blog.gartenmoebel.de\/wp-content\/uploads\/2015\/06\/lounge_faserw37.png\" alt=\"polyrattan_lounges_4\" \/><\/p>\n<p><strong>Kreieren Sie Ihre Wunschlounge!<\/strong><\/p>\n<p>Der Kombinationsvielfalt der verschiedenen Sitzelemente in allen Produktlinien sind keine Grenzen gesetzt: B\u00e4nke, Sessel, Sofas, Fu\u00dfhocker \u2013 alles l\u00e4sst sich miteinander mixen und ist problemlos erweiterbar.<\/p>\n<p><img decoding=\"async\" title=\"Polyrattan Faser Basic-Line\" src=\"https:\/\/blog.gartenmoebel.de\/wp-content\/uploads\/2015\/06\/lounge_bezuege.png\" alt=\"polyrattan_lounges_5\" \/><\/p>\n<p>Abgerundet mit einer schmucken Anrichte oder einem Beistell-Tisch schaffen Sie sich so Ihre pers\u00f6nliche Chillout-Area. Auch formsch\u00f6ne Pflanzk\u00fcbel, eine separate Kissenbox oder eine dekorative Sonneninsel aus Polyrattan sind eine harmonische Erg\u00e4nzung zu einer individuellen Lounge-Freizeitoase und werden zum beindruckenden Blickfang.<\/p>\n<p><img decoding=\"async\" title=\"Polyrattan M\u00f6belarten\" src=\"https:\/\/blog.gartenmoebel.de\/wp-content\/uploads\/2015\/06\/lounge_mehrere.png\" alt=\"polyrattan_lounges_6\" \/><\/p>\n<p><strong>Komfort deluxe<\/strong><\/p>\n<p>Die weichen Polster und Kissen auf den Polyrattan-M\u00f6beln sorgen f\u00fcr eine bequeme Polsterung und somit f\u00fcr optimalen Liege- oder Sitzkomfort. Die Bez\u00fcge verf\u00fcgen \u00fcber eine PA-Beschichtung, damit Wasser einfach abperlt und k\u00f6nnen bei Verschmutzung in der Waschmaschine gewaschen werden. Die sehr weichen Polsterbez\u00fcge sind in vielen verschiedenen Farben und Formen erh\u00e4ltlich:<\/p>\n<p><img decoding=\"async\" title=\"Polyrattan Bezugfarben\" src=\"https:\/\/blog.gartenmoebel.de\/wp-content\/uploads\/2015\/06\/lounge_bezugfarben.png\" alt=\"polyrattan_lounges_7\" \/><\/p>\n<p>Genie\u00dfen Sie Ihr Gartenparadies in Ihrem Outdoor-Wohnzimmer und freuen Sie sich auf stundenlanges Relaxen und einfach nur Wohlf\u00fchlen.<\/p>\n<h3><strong>Polyrattan \u2013 Was ist das?<\/strong><\/h3>\n<p>Polyrattan ist eine k\u00fcnstlich hergestellte, wetterfeste Kunststoff-Faser aus Polyethylen. Aus der Faser, die es in unterschiedlichen Farben und Oberfl\u00e4chenstrukturen gibt, werden die extrem belastbaren Outdoor-M\u00f6bel in Handarbeit gefertigt. Rein optisch erinnern die Polyrattan-M\u00f6bel zun\u00e4chst an nat\u00fcrliches Rattanmobiliar, punkten aber nicht nur durch ihr modernes Design, sondern besitzen noch sehr viel mehr Vorteile: alle Polyrattan-M\u00f6bel sind besonders witterungsbest\u00e4ndig, wasserabweisend, halten Temperaturen zwischen -60 bis + 70 \u00b0C stand, bleichen durch UV-Strahlung nicht aus und sind chlor- und salzwasserunempfindlich. Die verbauten Metallteile sind zudem aus rostfreiem Aluminium. Polyrattan-M\u00f6bel sind somit robust und sehr belastbar; sie k\u00f6nnen ganzj\u00e4hrig drau\u00dfen stehen gelassen werden.<\/p>\n<h3><strong>Gartenm\u00f6bel-Pflege \u2013 ein Kinderspiel<\/strong><\/h3>\n<p>Viele Materialien wie Holz, Korb oder auch Eisen, aus denen Gartenm\u00f6bel gefertigt werden, ben\u00f6tigen eine spezielle Pflege, um l\u00e4nger neu und gut erhalten auszusehen.<\/p>\n<p><a href=\"https:\/\/www.gartenmoebel.de\/polyrattan-gartenmoebel\/\">Polyrattan-Gartenm\u00f6bel<\/a> brauchen dagegen keine aufwendige Pflege. Leichte Verschmutzungen verschwinden einfach mit einem feuchten Lappen oder einer weichen B\u00fcrste in Kombination mit einem milden Reinigungsmittel. Hartn\u00e4ckiger, angetrockneter Dreck l\u00e4sst sich bei Bedarf schnell mit einem Gartenschlauch von der Polyrattan-Lounge entfernen. Danach lufttrocknen lassen \u2013fertig. M\u00fchevolles Schrubben oder Streichen entf\u00e4llt.<\/p>\n<p>Fazit: Polyrattan-M\u00f6bel sind der Trendsetter unter den Gartenm\u00f6beln. Zwar nicht gerade kosteng\u00fcnstig, \u00fcberzeugen diese pflegeleichten Lounge-M\u00f6bel aber durch ihre Langlebigkeit und hohe Belastbarkeit. Vor allem ihre formsch\u00f6ne Eleganz im Loungestil und der Komfort der Gartenm\u00f6bel laden zum Entspannen und Seele baumeln lassen ein. Mit den Polyrattan-Lounges der Marke OUTFLEXX \u00ae wird die heimische Terrasse zum \u201eWohnzimmer im Gr\u00fcnen\u201c.<\/p>\n<p><img decoding=\"async\" title=\"Polyrattan Loungem\u00f6bel\" src=\"https:\/\/blog.gartenmoebel.de\/wp-content\/uploads\/2015\/06\/lounge_ende.png\" alt=\"polyrattan_lounges_8\" \/><\/p>\n","protected":false},"excerpt":{"rendered":"<p>Ihr Wohnzimmer im Gr\u00fcnen \u2013 Polyrattan-M\u00f6bel im Lounge-Stil Das eigene Wohnzimmer ist unser R\u00fcckzugsort nach einem stressigen Arbeitstag und dient zum Abschalten und Entspannen. Doch auch der Wunsch auf der heimischen Gartenterrasse oder im Wintergarten zu relaxen und ein chilliges&#8230;<\/p>\n","protected":false},"author":1,"featured_media":2830,"comment_status":"closed","ping_status":"open","sticky":false,"template":"","format":"standard","meta":{"footnotes":""},"categories":[2],"tags":[14,16,15,13,12,11],"class_list":["post-2818","post","type-post","status-publish","format-standard","has-post-thumbnail","hentry","category-garten-news-trends","tag-gartenlounge","tag-gartenmoebel","tag-lounge","tag-loungegarnitur","tag-lounges","tag-polyrattan"],"yoast_head":"<!-- This site is optimized with the Yoast SEO plugin v24.3 - https:\/\/yoast.com\/wordpress\/plugins\/seo\/ -->\n<title>Polyrattan-Lounges &#187; GARTENMOEBEL.DE<\/title>\n<meta name=\"description\" content=\"Die Polyrattan-Lounges gibt es in verschiedenen Faserfarben und optional mit neun Bezugfarben. Gestalten Sie sich Ihre Wunsch-Lounge!\" \/>\n<meta name=\"robots\" content=\"index, follow, max-snippet:-1, max-image-preview:large, max-video-preview:-1\" \/>\n<meta property=\"og:locale\" content=\"de_DE\" \/>\n<meta property=\"og:type\" content=\"article\" \/>\n<meta property=\"og:title\" content=\"Polyrattan-Lounges &#187; GARTENMOEBEL.DE\" \/>\n<meta property=\"og:description\" content=\"Die Polyrattan-Lounges gibt es in verschiedenen Faserfarben und optional mit neun Bezugfarben. Gestalten Sie sich Ihre Wunsch-Lounge!\" \/>\n<meta property=\"og:url\" content=\"https:\/\/blog.gartenmoebel.de\/polyrattan-lounges\/\" \/>\n<meta property=\"og:site_name\" content=\"GARTENMOEBEL.DE\" \/>\n<meta property=\"article:published_time\" content=\"2015-06-24T09:37:02+00:00\" \/>\n<meta property=\"article:modified_time\" content=\"2021-03-05T09:06:42+00:00\" \/>\n<meta property=\"og:image\" content=\"https:\/\/blog.gartenmoebel.de\/wp-content\/uploads\/2015\/06\/polyrattan_lounges-1024x635.jpg\" \/>\n\t<meta property=\"og:image:width\" content=\"1024\" \/>\n\t<meta property=\"og:image:height\" content=\"635\" \/>\n\t<meta property=\"og:image:type\" content=\"image\/jpeg\" \/>\n<meta name=\"author\" content=\"admin\" \/>\n<meta name=\"twitter:label1\" content=\"Verfasst von\" \/>\n\t<meta name=\"twitter:data1\" content=\"admin\" \/>\n\t<meta name=\"twitter:label2\" content=\"Gesch\u00e4tzte Lesezeit\" \/>\n\t<meta name=\"twitter:data2\" content=\"3\u00a0Minuten\" \/>\n<!-- \/ Yoast SEO plugin. -->","yoast_head_json":{"title":"Polyrattan-Lounges &#187; GARTENMOEBEL.DE","description":"Die Polyrattan-Lounges gibt es in verschiedenen Faserfarben und optional mit neun Bezugfarben. Gestalten Sie sich Ihre Wunsch-Lounge!","robots":{"index":"index","follow":"follow","max-snippet":"max-snippet:-1","max-image-preview":"max-image-preview:large","max-video-preview":"max-video-preview:-1"},"og_locale":"de_DE","og_type":"article","og_title":"Polyrattan-Lounges &#187; GARTENMOEBEL.DE","og_description":"Die Polyrattan-Lounges gibt es in verschiedenen Faserfarben und optional mit neun Bezugfarben. Gestalten Sie sich Ihre Wunsch-Lounge!","og_url":"https:\/\/blog.gartenmoebel.de\/polyrattan-lounges\/","og_site_name":"GARTENMOEBEL.DE","article_published_time":"2015-06-24T09:37:02+00:00","article_modified_time":"2021-03-05T09:06:42+00:00","og_image":[{"width":1024,"height":635,"url":"https:\/\/blog.gartenmoebel.de\/wp-content\/uploads\/2015\/06\/polyrattan_lounges-1024x635.jpg","type":"image\/jpeg"}],"author":"admin","twitter_misc":{"Verfasst von":"admin","Gesch\u00e4tzte Lesezeit":"3\u00a0Minuten"},"schema":{"@context":"https:\/\/schema.org","@graph":[{"@type":"WebPage","@id":"https:\/\/blog.gartenmoebel.de\/polyrattan-lounges\/","url":"https:\/\/blog.gartenmoebel.de\/polyrattan-lounges\/","name":"Polyrattan-Lounges &#187; GARTENMOEBEL.DE","isPartOf":{"@id":"https:\/\/blog.gartenmoebel.de\/#website"},"primaryImageOfPage":{"@id":"https:\/\/blog.gartenmoebel.de\/polyrattan-lounges\/#primaryimage"},"image":{"@id":"https:\/\/blog.gartenmoebel.de\/polyrattan-lounges\/#primaryimage"},"thumbnailUrl":"https:\/\/blog.gartenmoebel.de\/wp-content\/uploads\/2015\/06\/polyrattan_lounges.jpg","datePublished":"2015-06-24T09:37:02+00:00","dateModified":"2021-03-05T09:06:42+00:00","author":{"@id":"https:\/\/blog.gartenmoebel.de\/#\/schema\/person\/86454b610ceef0a1be37080f67f428bf"},"description":"Die Polyrattan-Lounges gibt es in verschiedenen Faserfarben und optional mit neun Bezugfarben. Gestalten Sie sich Ihre Wunsch-Lounge!","breadcrumb":{"@id":"https:\/\/blog.gartenmoebel.de\/polyrattan-lounges\/#breadcrumb"},"inLanguage":"de","potentialAction":[{"@type":"ReadAction","target":["https:\/\/blog.gartenmoebel.de\/polyrattan-lounges\/"]}]},{"@type":"ImageObject","inLanguage":"de","@id":"https:\/\/blog.gartenmoebel.de\/polyrattan-lounges\/#primaryimage","url":"https:\/\/blog.gartenmoebel.de\/wp-content\/uploads\/2015\/06\/polyrattan_lounges.jpg","contentUrl":"https:\/\/blog.gartenmoebel.de\/wp-content\/uploads\/2015\/06\/polyrattan_lounges.jpg","width":3888,"height":2412,"caption":"Design Polyrattan-Lounge"},{"@type":"BreadcrumbList","@id":"https:\/\/blog.gartenmoebel.de\/polyrattan-lounges\/#breadcrumb","itemListElement":[{"@type":"ListItem","position":1,"name":"Startseite","item":"https:\/\/blog.gartenmoebel.de\/"},{"@type":"ListItem","position":2,"name":"Garten-News&Trends","item":"https:\/\/blog.gartenmoebel.de\/garten-news-trends\/"},{"@type":"ListItem","position":3,"name":"Polyrattan-Lounges"}]},{"@type":"WebSite","@id":"https:\/\/blog.gartenmoebel.de\/#website","url":"https:\/\/blog.gartenmoebel.de\/","name":"GARTENMOEBEL.DE","description":"Ihr Experte mit Best-Preis-Garantie","potentialAction":[{"@type":"SearchAction","target":{"@type":"EntryPoint","urlTemplate":"https:\/\/blog.gartenmoebel.de\/?s={search_term_string}"},"query-input":{"@type":"PropertyValueSpecification","valueRequired":true,"valueName":"search_term_string"}}],"inLanguage":"de"},{"@type":"Person","@id":"https:\/\/blog.gartenmoebel.de\/#\/schema\/person\/86454b610ceef0a1be37080f67f428bf","name":"admin"}]}},"_links":{"self":[{"href":"https:\/\/blog.gartenmoebel.de\/wp-json\/wp\/v2\/posts\/2818","targetHints":{"allow":["GET"]}}],"collection":[{"href":"https:\/\/blog.gartenmoebel.de\/wp-json\/wp\/v2\/posts"}],"about":[{"href":"https:\/\/blog.gartenmoebel.de\/wp-json\/wp\/v2\/types\/post"}],"author":[{"embeddable":true,"href":"https:\/\/blog.gartenmoebel.de\/wp-json\/wp\/v2\/users\/1"}],"replies":[{"embeddable":true,"href":"https:\/\/blog.gartenmoebel.de\/wp-json\/wp\/v2\/comments?post=2818"}],"version-history":[{"count":1,"href":"https:\/\/blog.gartenmoebel.de\/wp-json\/wp\/v2\/posts\/2818\/revisions"}],"predecessor-version":[{"id":5391,"href":"https:\/\/blog.gartenmoebel.de\/wp-json\/wp\/v2\/posts\/2818\/revisions\/5391"}],"wp:featuredmedia":[{"embeddable":true,"href":"https:\/\/blog.gartenmoebel.de\/wp-json\/wp\/v2\/media\/2830"}],"wp:attachment":[{"href":"https:\/\/blog.gartenmoebel.de\/wp-json\/wp\/v2\/media?parent=2818"}],"wp:term":[{"taxonomy":"category","embeddable":true,"href":"https:\/\/blog.gartenmoebel.de\/wp-json\/wp\/v2\/categories?post=2818"},{"taxonomy":"post_tag","embeddable":true,"href":"https:\/\/blog.gartenmoebel.de\/wp-json\/wp\/v2\/tags?post=2818"}],"curies":[{"name":"wp","href":"https:\/\/api.w.org\/{rel}","templated":true}]}}