{"id":6138,"date":"2024-02-26T15:03:26","date_gmt":"2024-02-26T15:03:26","guid":{"rendered":"https:\/\/blog.gartenmoebel.de\/?p=6138"},"modified":"2024-02-26T15:05:20","modified_gmt":"2024-02-26T15:05:20","slug":"baeume-veredeln-methoden-tipps-und-hilfreiche-hinweise","status":"publish","type":"post","link":"https:\/\/blog.gartenmoebel.de\/baeume-veredeln-methoden-tipps-und-hilfreiche-hinweise\/","title":{"rendered":"B\u00e4ume veredeln: Verfahren und Tipps"},"content":{"rendered":"\n<p>Die Veredelung von B\u00e4umen ist eine Technik in der Baumpflege und in der Forstwirtschaft. Sie kommt zum Einsatz, wenn man <strong>B\u00e4ume ohne Saatgut <\/strong>vermehren m\u00f6chte. Was das bedeutet, welche Methoden es gibt und wie Sie die einzelnen Techniken angehen, erfahren Sie hier!<\/p>\n\n\n\n<h2 class=\"wp-block-heading\">Baumveredelung \u2013 was ist das?<\/h2>\n\n\n\n<p>Bei einer <strong>Baumveredelung<\/strong> werden zwei Pflanzenteile miteinander zu einer neuen Pflanze kombiniert. Den unteren Teil, der die neue Pflanze im Boden verwurzelt, bezeichnet man als <strong>Unterlage<\/strong>. Den oberen Teil, der auf die Unterlage gesetzt wird, nennt man <strong>Edelreis<\/strong>.<\/p>\n\n\n\n<p>Es kann unterschiedliche Gr\u00fcnde geben, weshalb man <strong>B\u00e4ume veredelt<\/strong>. Zum einen kann eine <strong>Veredelung eine gew\u00fcnschte Sorte bewahren oder vermehren<\/strong>. Kleinkronige <strong>Obstb\u00e4ume<\/strong> haben zum Beispiel mit 15\u201325 Jahren eine verh\u00e4ltnism\u00e4\u00dfig geringe Lebenserwartung f\u00fcr einen Baum. Wenn Sie also einen Obstbaum haben, den Sie am liebsten zweimal besitzen w\u00fcrden, oder auf jeden Fall erhalten m\u00f6chten, dann ist die Veredelung die richtige Strategie f\u00fcr Sie. Hierf\u00fcr ben\u00f6tigen Sie dann eine passende Unterlage und veredeln diese mit Edelreisern Ihres Obstbaumes.<\/p>\n\n\n\n<p>Zum anderen k\u00f6nnte es aber auch sein, dass Sie einen soliden <strong>Baum im Garten<\/strong> stehen haben, der <strong>gute Wuchseigenschaften<\/strong> aufweist, und Sie m\u00f6chten \u2026<\/p>\n\n\n\n<ul class=\"wp-block-list\">\n<li>\u2026 lieber eine andere Sorte.<\/li>\n\n\n\n<li>\u2026 mehrere Sorten an einem Baum, um im Garten wertvollen Platz zu sparen, ohne an Vielfalt einzub\u00fc\u00dfen.<\/li>\n\n\n\n<li>\u2026 die gut gedeihende Unterlage nutzen, um suboptimale Standortbedingungen f\u00fcr Ihre gew\u00fcnschte Sorte auszugleichen.<\/li>\n<\/ul>\n\n\n\n<p>In diesen F\u00e4llen nutzen Sie einen vorhandenen Baum als Unterlage und veredeln diesen mit Edelreisern der gew\u00fcnschten Sorte um.&nbsp;<\/p>\n\n\n\n<p>Allgemeine <strong>Vorteile der Veredelung von B\u00e4umen <\/strong>liegen unabh\u00e4ngig von Ihrer pers\u00f6nlichen Zielsetzung darin, dass diese Technik Ihnen viel Zeit und Aufwand spart. Denn Sie m\u00fcssen die neue Pflanze nicht aus einem Samen ziehen und k\u00f6nnen die Vorteile der Unterlage f\u00fcr sich nutzen. Zudem bilden manche Ziergew\u00e4chse \u00fcberhaupt kein keimf\u00e4higes Saatgut aus. Und viele Obstb\u00e4ume lassen sich durch die Best\u00e4ubung nicht sortenecht aus einem Samen heraus vermehren. Die vegetative Vermehrung von B\u00e4umen durch eine Veredelung ist daher oft unerl\u00e4sslich.<\/p>\n\n\n\n<p><strong>Tipp<\/strong>: Hier erfahren Sie mehr \u00fcber <a href=\"https:\/\/www.gartenmoebel.de\/blog\/gartendesign-baeume-und-straeucher\/\">B\u00e4ume und Str\u00e4ucher<\/a> im Garten.&nbsp;<\/p>\n\n\n<div class=\"wp-block-image\">\n<figure class=\"alignleft size-large is-resized\"><a href=\"https:\/\/blog.gartenmoebel.de\/wp-content\/uploads\/2024\/02\/cropped-hand-holding-potted-plant-against-tree-scaled.jpg\"><img loading=\"lazy\" decoding=\"async\" width=\"768\" height=\"1024\" src=\"https:\/\/blog.gartenmoebel.de\/wp-content\/uploads\/2024\/02\/cropped-hand-holding-potted-plant-against-tree-scaled-768x1024.jpg\" alt=\"\" class=\"wp-image-6140\" style=\"width:472px;height:auto\" srcset=\"https:\/\/blog.gartenmoebel.de\/wp-content\/uploads\/2024\/02\/cropped-hand-holding-potted-plant-against-tree-scaled-768x1024.jpg 768w, https:\/\/blog.gartenmoebel.de\/wp-content\/uploads\/2024\/02\/cropped-hand-holding-potted-plant-against-tree-scaled-225x300.jpg 225w, https:\/\/blog.gartenmoebel.de\/wp-content\/uploads\/2024\/02\/cropped-hand-holding-potted-plant-against-tree-scaled-1152x1536.jpg 1152w, https:\/\/blog.gartenmoebel.de\/wp-content\/uploads\/2024\/02\/cropped-hand-holding-potted-plant-against-tree-scaled-1536x2048.jpg 1536w, https:\/\/blog.gartenmoebel.de\/wp-content\/uploads\/2024\/02\/cropped-hand-holding-potted-plant-against-tree-scaled-420x560.jpg 420w, https:\/\/blog.gartenmoebel.de\/wp-content\/uploads\/2024\/02\/cropped-hand-holding-potted-plant-against-tree-scaled.jpg 1920w\" sizes=\"auto, (max-width: 768px) 100vw, 768px\" \/><\/a><\/figure>\n<\/div>\n\n\n<h2 class=\"wp-block-heading\">Welche B\u00e4ume kann man miteinander veredeln?<\/h2>\n\n\n\n<p>Sie k\u00f6nnen keinen Apfelreis auf einem Walnussbaum veredeln. Warum nicht? Beim Veredeln ist darauf zu achten, dass die kombinierten<strong> Pflanzen ein \u00e4hnliches Erbgut tragen<\/strong>. Man nutzt also <strong>genetisch verwandte Wildformen oder Kulturformen als Unterlage f\u00fcr die Edelreiser<\/strong>.&nbsp;<\/p>\n\n\n\n<p>Sind Unterlage und Reis nicht verwandt, wachsen die Reiser nicht an. Wie gro\u00df die \u00dcbereinstimmung hinsichtlich des Erbguts sein muss, ist jedoch je nach Pflanzenart unterschiedlich. Sie k\u00f6nnten zum Beispiel eine Quitte auf eine Birne, eine Vogelbeere oder einen Wei\u00dfdorn setzen. Einige Birnensorten wachsen jedoch nicht auf bestimmten Quitten-Zuchtunterlagen. <strong>Informieren Sie sich deshalb im Zweifelsfall vorher bei einem Fachh\u00e4ndler.<\/strong><\/p>\n\n\n\n<h2 class=\"wp-block-heading\">Mit welchen Verfahren lassen sich B\u00e4ume veredeln?<\/h2>\n\n\n\n<p>Es gibt viele verschiedene <strong>Veredelungsmethoden f\u00fcr B\u00e4ume<\/strong>. Bei allen Veredelungsmethoden sollten Sie jedoch f\u00fcr ein gutes Gelingen die <strong>Pflanzenhygiene einhalten<\/strong>. Daf\u00fcr ist es wichtig zu wissen, dass Sie die Schnittfl\u00e4chen nicht ber\u00fchren d\u00fcrfen und dass Sie Werkzeuge wie beispielsweise Gartenscheren ggf. zwischen den Arbeitsschritten in einer L\u00f6sung desinfizieren. Andernfalls k\u00f6nnen Krankheitserreger \u00fcber die Schnittstellen eindringen. Aus diesem Grund eignen sich zum Beispiel auch regnerische Tage nicht zum Schneiden und Veredeln.<\/p>\n\n\n\n<p>Bevor Sie mit der Veredelung beginnen, ist es au\u00dferdem auch wichtig zu pr\u00fcfen, ob Sie den Sortenschutz ber\u00fccksichtigen m\u00fcssen. <strong>Denn auch f\u00fcr Pflanzenz\u00fcchtungen gibt es ein Urheberrecht, das durch das Bundessortenamt gesch\u00fctzt wird.<\/strong>&nbsp;<\/p>\n\n\n\n<p>Die <strong>drei g\u00e4ngigsten Veredelungsmethoden<\/strong>, die wir Ihnen im Folgenden vorstellen werden, sind:<\/p>\n\n\n\n<ul class=\"wp-block-list\">\n<li>Kopulation,<\/li>\n\n\n\n<li>Pfropfung,<\/li>\n\n\n\n<li>und Okulation.<\/li>\n<\/ul>\n\n\n\n<p>Im Wesentlichen entscheidet man <strong>je nach St\u00e4rke der Unterlage und des Edelreises, welche Methode zum Einsatz kommen soll<\/strong>.&nbsp;<\/p>\n\n\n\n<h3 class=\"wp-block-heading\">Kopulation<\/h3>\n\n\n\n<p>Die Kopulation eignet sich dann, wenn <strong>Unterlage und Edelreis einen \u00e4hnlichen Durchmesser<\/strong> haben. Also zum Beispiel, wenn Sie einen Reis von Ihrem <strong>Apfelbaum<\/strong> geschnitten haben und ihn mit einer erworbenen <strong>Unterlage aus einer Baumschule<\/strong> verbinden m\u00f6chten.<\/p>\n\n\n\n<p>Im Gro\u00dfen und Ganzen werden bei der <strong>Kopulation<\/strong> beide Pflanzenteile schr\u00e4g angeschnitten. Dann werden die <strong>Schnittfl\u00e4chen aufeinander gelegt<\/strong> und mit einem Faden oder einem Gummiband verbunden. Die Wunden werden anschlie\u00dfend mit <strong>Baumwachs<\/strong> versorgt und geschlossen.<\/p>\n\n\n\n<p>Beim Anschneiden der Unterlage und des Edelreises gilt es darauf zu achten, dass sich auf der R\u00fcckseite der Schnittstelle je ein Auge befindet. Denn diese Stellen eignen sich besonders gut zum Anwachsen. Ihre Unterlage sollte auf ca. 30\u201340 cm gek\u00fcrzt werden. Das <strong>Edelreis besteht aus einem einj\u00e4hrigen Trieb und besitzt im Idealfall f\u00fcnf Augen<\/strong>.<\/p>\n\n\n\n<h3 class=\"wp-block-heading\">Pfropfung<\/h3>\n\n\n\n<p>Ist die <strong>Unterlage deutlich st\u00e4rker bzw. dicker als das Edelreis<\/strong>, sollten Sie sich f\u00fcr das <strong>Pfropfen von B\u00e4umen <\/strong>entscheiden. Zum Pfropfen beschneiden Sie zun\u00e4chst die Unterlage. An den <strong>Pfropfk\u00f6pfen<\/strong>, also den Schnittstellen des R\u00fcckschnitts, setzen Sie nun die Edelreiser ein. Daf\u00fcr nehmen Sie mit einem sehr scharfen Messer ein L\u00e4ngsschnitt vor, der die Rinde des Baumes durchtrennt. Beim Herausziehen drehen Sie das Messer leicht, sodass sich die Rinde abl\u00f6st. Anschlie\u00dfend schieben Sie das <strong>Pfropfreis<\/strong> hinein, sodass die Schnittfl\u00e4che nicht mehr oder nur noch sehr geringf\u00fcgig zu sehen ist. Abschlie\u00dfend sollten Sie die Veredelungsstelle verbinden und mit Baumwachs versorgen.<\/p>\n\n\n\n<p>Ein <strong>Pfropfreis hat drei bis vier Augen<\/strong>. Um ihn zurechtzuschneiden, nehmen Sie auf der R\u00fcckseite der untersten ruhenden Knospe einen schr\u00e4gen Schnitt vor. Die Schnittfl\u00e4che sollte vier- bis sechsmal so lang sein, wie der Durchmesser des Reises. Auf der anderen Seite entfernen Sie einen Streifen der Rinde, um das Anwachsen zu erleichtern. Oberhalb des obersten Auges schneiden Sie den Trieb gerade ab.<br><\/p>\n\n\n\n<h3 class=\"wp-block-heading\">Okulation<\/h3>\n\n\n\n<p>Beim <strong>Okulieren<\/strong> wird kein ganzer Trieb, sondern lediglich eine Knospe, also ein Auge, in die Rinde der Unterlage eingesetzt. Diese Methode eignet sich, wie das Pfropfen, vor allem dann, wenn Ihre <strong>Unterlage st\u00e4rker ist als das Reis<\/strong>.<\/p>\n\n\n\n<p>Wenn Sie beispielsweise <strong>durch Okulation Ihren Kirschbaum veredeln<\/strong> m\u00f6chten, nehmen Sie zun\u00e4chst einen T-f\u00f6rmigen Schnitt an der Unterlage vor. Dann biegen Sie die Rinde vorsichtig auf und schieben das Auge in die entstandene Tasche. Wie bei allen Veredelungsmethoden wird die Veredelungsstelle nach der Okulation verbunden. Achten Sie jedoch darauf, dass die Knospe frei bleibt, denn hier soll sich ja Ihr neuer Trieb bilden.<\/p>\n\n\n\n<p>Das Auge zum Einsetzen erhalten Sie aus einem einj\u00e4hrigen Trieb. Sie schneiden es flach mit einem Okuliermesser heraus. Idealerweise ist die Schnittfl\u00e4che bei Obstb\u00e4umen ungef\u00e4hr 2\u20134 cm lang.<\/p>\n\n\n\n<h2 class=\"wp-block-heading\">Der richtige Zeitpunkt: Wann sollte man B\u00e4ume veredeln?<\/h2>\n\n\n\n<figure class=\"wp-block-image size-large\"><a href=\"https:\/\/blog.gartenmoebel.de\/wp-content\/uploads\/2024\/02\/environmental-conservation-garden-children-scaled.jpg\"><img loading=\"lazy\" decoding=\"async\" width=\"1024\" height=\"683\" src=\"https:\/\/blog.gartenmoebel.de\/wp-content\/uploads\/2024\/02\/environmental-conservation-garden-children-scaled-1024x683.jpg\" alt=\"\" class=\"wp-image-6141\" srcset=\"https:\/\/blog.gartenmoebel.de\/wp-content\/uploads\/2024\/02\/environmental-conservation-garden-children-scaled-1024x683.jpg 1024w, https:\/\/blog.gartenmoebel.de\/wp-content\/uploads\/2024\/02\/environmental-conservation-garden-children-scaled-300x200.jpg 300w, https:\/\/blog.gartenmoebel.de\/wp-content\/uploads\/2024\/02\/environmental-conservation-garden-children-scaled-768x512.jpg 768w, https:\/\/blog.gartenmoebel.de\/wp-content\/uploads\/2024\/02\/environmental-conservation-garden-children-scaled-1536x1024.jpg 1536w, https:\/\/blog.gartenmoebel.de\/wp-content\/uploads\/2024\/02\/environmental-conservation-garden-children-scaled-2048x1366.jpg 2048w, https:\/\/blog.gartenmoebel.de\/wp-content\/uploads\/2024\/02\/environmental-conservation-garden-children-scaled-420x280.jpg 420w\" sizes=\"auto, (max-width: 1024px) 100vw, 1024px\" \/><\/a><\/figure>\n\n\n\n<p><strong>Der ideale Zeitpunkt f\u00fcr die Veredelung eines Obstbaumes durch die Kopulation ist die Ruhephase der Pflanze<\/strong>. Besonders bew\u00e4hrt hat sich f\u00fcr diese Veredelung der Monat Januar. Oft werden Edelreiser bereits Ende Dezember geschnitten. Bis zur Veredelung werden sie dann k\u00fchl und feucht, aber nicht nass gelagert. Sie k\u00f6nnen es beispielsweise in feuchten Sand stecken und im Keller aufbewahren.<\/p>\n\n\n\n<p><strong>Der beste Zeitpunkt, um zu pfropfen, ist das Fr\u00fchjahr.<\/strong> Hier steht die Unterlage im Saft und die Rinde l\u00e4sst sich besonders gut l\u00f6sen. Auch beim Okulieren ist das Abl\u00f6sen der Rinde von Bedeutung. Die Okulation wird \u00fcblicherweise im Sommer durchgef\u00fchrt.<\/p>\n\n\n\n<h2 class=\"wp-block-heading\">Fazit: Darum lohnt es sich Obstb\u00e4ume und Co. zu veredeln<\/h2>\n\n\n<div class=\"wp-block-image\">\n<figure class=\"alignleft size-large is-resized\"><a href=\"https:\/\/blog.gartenmoebel.de\/wp-content\/uploads\/2024\/02\/close-up-person-s-hand-holding-ripe-red-apple-tree-1-scaled.jpg\"><img loading=\"lazy\" decoding=\"async\" width=\"1024\" height=\"1024\" src=\"https:\/\/blog.gartenmoebel.de\/wp-content\/uploads\/2024\/02\/close-up-person-s-hand-holding-ripe-red-apple-tree-1-scaled-1024x1024.jpg\" alt=\"\" class=\"wp-image-6143\" style=\"width:240px;height:auto\" srcset=\"https:\/\/blog.gartenmoebel.de\/wp-content\/uploads\/2024\/02\/close-up-person-s-hand-holding-ripe-red-apple-tree-1-scaled-1024x1024.jpg 1024w, https:\/\/blog.gartenmoebel.de\/wp-content\/uploads\/2024\/02\/close-up-person-s-hand-holding-ripe-red-apple-tree-1-scaled-150x150c.jpg 150w, https:\/\/blog.gartenmoebel.de\/wp-content\/uploads\/2024\/02\/close-up-person-s-hand-holding-ripe-red-apple-tree-1-scaled-300x300.jpg 300w, https:\/\/blog.gartenmoebel.de\/wp-content\/uploads\/2024\/02\/close-up-person-s-hand-holding-ripe-red-apple-tree-1-scaled-768x768.jpg 768w, https:\/\/blog.gartenmoebel.de\/wp-content\/uploads\/2024\/02\/close-up-person-s-hand-holding-ripe-red-apple-tree-1-scaled-1536x1536.jpg 1536w, https:\/\/blog.gartenmoebel.de\/wp-content\/uploads\/2024\/02\/close-up-person-s-hand-holding-ripe-red-apple-tree-1-scaled-2048x2048.jpg 2048w, https:\/\/blog.gartenmoebel.de\/wp-content\/uploads\/2024\/02\/close-up-person-s-hand-holding-ripe-red-apple-tree-1-scaled-420x420.jpg 420w\" sizes=\"auto, (max-width: 1024px) 100vw, 1024px\" \/><\/a><\/figure>\n<\/div>\n\n\n<p>Wie Sie erfahren haben, gibt es viele Gr\u00fcnde, aus denen es sich lohnt, <strong>Veredelungstechniken zu kennen und zu nutzen<\/strong>. Einige Techniken wie das Okulieren erfordern zwar ein wenig \u00dcbung und Fingerspitzengef\u00fchl, aber sobald Sie sie beherrschen, k\u00f6nnen Sie Ihre <strong>B\u00e4ume sortenecht vermehren<\/strong>. Dabei sparen Sie wertvolle Zeit, nutzen die positiven Eigenschaften der Unterlage f\u00fcr Ihre Zwecke und es gelingt Ihnen, B\u00e4ume zu ziehen, die Ihren W\u00fcnschen und Anspr\u00fcchen entsprechen.<\/p>\n","protected":false},"excerpt":{"rendered":"<p>Die Veredelung von B\u00e4umen ist eine Technik in der Baumpflege und in der Forstwirtschaft. Sie kommt zum Einsatz, wenn man B\u00e4ume ohne Saatgut vermehren m\u00f6chte. Was das bedeutet, welche Methoden es gibt und wie Sie die einzelnen Techniken angehen, erfahren&#8230;<\/p>\n","protected":false},"author":1,"featured_media":6139,"comment_status":"closed","ping_status":"open","sticky":true,"template":"","format":"standard","meta":{"footnotes":""},"categories":[3],"tags":[18,57,42],"class_list":["post-6138","post","type-post","status-publish","format-standard","has-post-thumbnail","hentry","category-garten-wissen","tag-garten","tag-pflanzen","tag-pflege"],"yoast_head":"<!-- This site is optimized with the Yoast SEO plugin v24.3 - https:\/\/yoast.com\/wordpress\/plugins\/seo\/ -->\n<title>B\u00e4ume veredeln: Verfahren und Tipps &#187; GARTENMOEBEL.DE<\/title>\n<meta name=\"description\" content=\"Wie kann ich B\u00e4ume veredeln? Welche Methoden gibt es? Wann sollte ich meine B\u00e4ume veredeln? \u25b6 Alle Tipps und Infos zur Baumveredelung erhalten Sie hier!\" \/>\n<meta name=\"robots\" content=\"index, follow, max-snippet:-1, max-image-preview:large, max-video-preview:-1\" \/>\n<meta property=\"og:locale\" content=\"de_DE\" \/>\n<meta property=\"og:type\" content=\"article\" \/>\n<meta property=\"og:title\" content=\"B\u00e4ume veredeln: Verfahren und Tipps &#187; GARTENMOEBEL.DE\" \/>\n<meta property=\"og:description\" content=\"Wie kann ich B\u00e4ume veredeln? Welche Methoden gibt es? Wann sollte ich meine B\u00e4ume veredeln? \u25b6 Alle Tipps und Infos zur Baumveredelung erhalten Sie hier!\" \/>\n<meta property=\"og:url\" content=\"https:\/\/blog.gartenmoebel.de\/baeume-veredeln-methoden-tipps-und-hilfreiche-hinweise\/\" \/>\n<meta property=\"og:site_name\" content=\"GARTENMOEBEL.DE\" \/>\n<meta property=\"article:published_time\" content=\"2024-02-26T15:03:26+00:00\" \/>\n<meta property=\"article:modified_time\" content=\"2024-02-26T15:05:20+00:00\" \/>\n<meta property=\"og:image\" content=\"https:\/\/blog.gartenmoebel.de\/wp-content\/uploads\/2024\/02\/womens-hands-show-heart-front-tree-trunk-scaled.jpg\" \/>\n\t<meta property=\"og:image:width\" content=\"2560\" \/>\n\t<meta property=\"og:image:height\" content=\"1707\" \/>\n\t<meta property=\"og:image:type\" content=\"image\/jpeg\" \/>\n<meta name=\"author\" content=\"admin\" \/>\n<meta name=\"twitter:label1\" content=\"Verfasst von\" \/>\n\t<meta name=\"twitter:data1\" content=\"admin\" \/>\n\t<meta name=\"twitter:label2\" content=\"Gesch\u00e4tzte Lesezeit\" \/>\n\t<meta name=\"twitter:data2\" content=\"8\u00a0Minuten\" \/>\n<!-- \/ Yoast SEO plugin. -->","yoast_head_json":{"title":"B\u00e4ume veredeln: Verfahren und Tipps &#187; GARTENMOEBEL.DE","description":"Wie kann ich B\u00e4ume veredeln? Welche Methoden gibt es? Wann sollte ich meine B\u00e4ume veredeln? \u25b6 Alle Tipps und Infos zur Baumveredelung erhalten Sie hier!","robots":{"index":"index","follow":"follow","max-snippet":"max-snippet:-1","max-image-preview":"max-image-preview:large","max-video-preview":"max-video-preview:-1"},"og_locale":"de_DE","og_type":"article","og_title":"B\u00e4ume veredeln: Verfahren und Tipps &#187; GARTENMOEBEL.DE","og_description":"Wie kann ich B\u00e4ume veredeln? Welche Methoden gibt es? Wann sollte ich meine B\u00e4ume veredeln? \u25b6 Alle Tipps und Infos zur Baumveredelung erhalten Sie hier!","og_url":"https:\/\/blog.gartenmoebel.de\/baeume-veredeln-methoden-tipps-und-hilfreiche-hinweise\/","og_site_name":"GARTENMOEBEL.DE","article_published_time":"2024-02-26T15:03:26+00:00","article_modified_time":"2024-02-26T15:05:20+00:00","og_image":[{"width":2560,"height":1707,"url":"https:\/\/blog.gartenmoebel.de\/wp-content\/uploads\/2024\/02\/womens-hands-show-heart-front-tree-trunk-scaled.jpg","type":"image\/jpeg"}],"author":"admin","twitter_misc":{"Verfasst von":"admin","Gesch\u00e4tzte Lesezeit":"8\u00a0Minuten"},"schema":{"@context":"https:\/\/schema.org","@graph":[{"@type":"WebPage","@id":"https:\/\/blog.gartenmoebel.de\/baeume-veredeln-methoden-tipps-und-hilfreiche-hinweise\/","url":"https:\/\/blog.gartenmoebel.de\/baeume-veredeln-methoden-tipps-und-hilfreiche-hinweise\/","name":"B\u00e4ume veredeln: Verfahren und Tipps &#187; GARTENMOEBEL.DE","isPartOf":{"@id":"https:\/\/blog.gartenmoebel.de\/#website"},"primaryImageOfPage":{"@id":"https:\/\/blog.gartenmoebel.de\/baeume-veredeln-methoden-tipps-und-hilfreiche-hinweise\/#primaryimage"},"image":{"@id":"https:\/\/blog.gartenmoebel.de\/baeume-veredeln-methoden-tipps-und-hilfreiche-hinweise\/#primaryimage"},"thumbnailUrl":"https:\/\/blog.gartenmoebel.de\/wp-content\/uploads\/2024\/02\/womens-hands-show-heart-front-tree-trunk-scaled.jpg","datePublished":"2024-02-26T15:03:26+00:00","dateModified":"2024-02-26T15:05:20+00:00","author":{"@id":"https:\/\/blog.gartenmoebel.de\/#\/schema\/person\/86454b610ceef0a1be37080f67f428bf"},"description":"Wie kann ich B\u00e4ume veredeln? Welche Methoden gibt es? Wann sollte ich meine B\u00e4ume veredeln? \u25b6 Alle Tipps und Infos zur Baumveredelung erhalten Sie hier!","breadcrumb":{"@id":"https:\/\/blog.gartenmoebel.de\/baeume-veredeln-methoden-tipps-und-hilfreiche-hinweise\/#breadcrumb"},"inLanguage":"de","potentialAction":[{"@type":"ReadAction","target":["https:\/\/blog.gartenmoebel.de\/baeume-veredeln-methoden-tipps-und-hilfreiche-hinweise\/"]}]},{"@type":"ImageObject","inLanguage":"de","@id":"https:\/\/blog.gartenmoebel.de\/baeume-veredeln-methoden-tipps-und-hilfreiche-hinweise\/#primaryimage","url":"https:\/\/blog.gartenmoebel.de\/wp-content\/uploads\/2024\/02\/womens-hands-show-heart-front-tree-trunk-scaled.jpg","contentUrl":"https:\/\/blog.gartenmoebel.de\/wp-content\/uploads\/2024\/02\/womens-hands-show-heart-front-tree-trunk-scaled.jpg","width":2560,"height":1707},{"@type":"BreadcrumbList","@id":"https:\/\/blog.gartenmoebel.de\/baeume-veredeln-methoden-tipps-und-hilfreiche-hinweise\/#breadcrumb","itemListElement":[{"@type":"ListItem","position":1,"name":"Startseite","item":"https:\/\/blog.gartenmoebel.de\/"},{"@type":"ListItem","position":2,"name":"Garten-Wissen","item":"https:\/\/blog.gartenmoebel.de\/garten-wissen\/"},{"@type":"ListItem","position":3,"name":"B\u00e4ume veredeln: Verfahren und Tipps"}]},{"@type":"WebSite","@id":"https:\/\/blog.gartenmoebel.de\/#website","url":"https:\/\/blog.gartenmoebel.de\/","name":"GARTENMOEBEL.DE","description":"Ihr Experte mit Best-Preis-Garantie","potentialAction":[{"@type":"SearchAction","target":{"@type":"EntryPoint","urlTemplate":"https:\/\/blog.gartenmoebel.de\/?s={search_term_string}"},"query-input":{"@type":"PropertyValueSpecification","valueRequired":true,"valueName":"search_term_string"}}],"inLanguage":"de"},{"@type":"Person","@id":"https:\/\/blog.gartenmoebel.de\/#\/schema\/person\/86454b610ceef0a1be37080f67f428bf","name":"admin"}]}},"_links":{"self":[{"href":"https:\/\/blog.gartenmoebel.de\/wp-json\/wp\/v2\/posts\/6138","targetHints":{"allow":["GET"]}}],"collection":[{"href":"https:\/\/blog.gartenmoebel.de\/wp-json\/wp\/v2\/posts"}],"about":[{"href":"https:\/\/blog.gartenmoebel.de\/wp-json\/wp\/v2\/types\/post"}],"author":[{"embeddable":true,"href":"https:\/\/blog.gartenmoebel.de\/wp-json\/wp\/v2\/users\/1"}],"replies":[{"embeddable":true,"href":"https:\/\/blog.gartenmoebel.de\/wp-json\/wp\/v2\/comments?post=6138"}],"version-history":[{"count":2,"href":"https:\/\/blog.gartenmoebel.de\/wp-json\/wp\/v2\/posts\/6138\/revisions"}],"predecessor-version":[{"id":6145,"href":"https:\/\/blog.gartenmoebel.de\/wp-json\/wp\/v2\/posts\/6138\/revisions\/6145"}],"wp:featuredmedia":[{"embeddable":true,"href":"https:\/\/blog.gartenmoebel.de\/wp-json\/wp\/v2\/media\/6139"}],"wp:attachment":[{"href":"https:\/\/blog.gartenmoebel.de\/wp-json\/wp\/v2\/media?parent=6138"}],"wp:term":[{"taxonomy":"category","embeddable":true,"href":"https:\/\/blog.gartenmoebel.de\/wp-json\/wp\/v2\/categories?post=6138"},{"taxonomy":"post_tag","embeddable":true,"href":"https:\/\/blog.gartenmoebel.de\/wp-json\/wp\/v2\/tags?post=6138"}],"curies":[{"name":"wp","href":"https:\/\/api.w.org\/{rel}","templated":true}]}}